{"id":2581,"date":"2026-07-08T09:27:05","date_gmt":"2026-07-08T07:27:05","guid":{"rendered":"https:\/\/suedbahnbuehne.at\/?p=2581"},"modified":"2026-07-08T09:52:48","modified_gmt":"2026-07-08T07:52:48","slug":"festspielpremiere","status":"publish","type":"post","link":"https:\/\/suedbahnbuehne.at\/en\/2026\/07\/08\/festspielpremiere\/","title":{"rendered":"Festspielpremiere"},"content":{"rendered":"<div data-elementor-type=\"wp-post\" data-elementor-id=\"2581\" class=\"elementor elementor-2581\">\n\t\t\t\t\t\t<section class=\"elementor-section elementor-top-section elementor-element elementor-element-5dbd57fd elementor-section-boxed elementor-section-height-default elementor-section-height-default wpr-particle-no wpr-jarallax-no wpr-parallax-no wpr-sticky-section-no wpr-column-slider-no wpr-equal-height-no\" data-id=\"5dbd57fd\" data-element_type=\"section\" data-e-type=\"section\">\n\t\t\t\t\t\t<div class=\"elementor-container elementor-column-gap-default\">\n\t\t\t\t\t<div class=\"elementor-column elementor-col-50 elementor-top-column elementor-element elementor-element-2ec161e7\" data-id=\"2ec161e7\" data-element_type=\"column\" data-e-type=\"column\">\n\t\t\t<div class=\"elementor-widget-wrap elementor-element-populated\">\n\t\t\t\t\t\t<div class=\"elementor-element elementor-element-2669a47f elementor-widget elementor-widget-text-editor\" data-id=\"2669a47f\" data-element_type=\"widget\" data-e-type=\"widget\" data-widget_type=\"text-editor.default\">\n\t\t\t\t\t\t\t\t\tFestspielpremiere\t\t\t\t\t\t\t\t<\/div>\n\t\t\t\t<div class=\"elementor-element elementor-element-57b775ee elementor-widget elementor-widget-heading\" data-id=\"57b775ee\" data-element_type=\"widget\" data-e-type=\"widget\" data-widget_type=\"heading.default\">\n\t\t\t\t\t<h2 class=\"elementor-heading-title elementor-size-default\">Krieg und Frieden<\/h2>\t\t\t\t<\/div>\n\t\t\t\t<div class=\"elementor-element elementor-element-628850e0 elementor-widget elementor-widget-text-editor\" data-id=\"628850e0\" data-element_type=\"widget\" data-e-type=\"widget\" data-widget_type=\"text-editor.default\">\n\t\t\t\t\t\t\t\t\t<p>erweckt Geschichte zum Leben &#8230;<\/p><p>Mit sechs Produktionen starten die Festspiele Reichenau in ihre diesj\u00e4hrige Saison. Die erste Auff\u00fchrung fand im S\u00fcdbahnhotel am Semmering statt.<\/p>\t\t\t\t\t\t\t\t<\/div>\n\t\t\t\t<div class=\"elementor-element elementor-element-69211592 wpr-button-icon-style-inline wpr-button-icon-position-right elementor-widget elementor-widget-wpr-button\" data-id=\"69211592\" data-element_type=\"widget\" data-e-type=\"widget\" data-widget_type=\"wpr-button.default\">\n\t\t\t\t\t\t\n\t\t\t\n\t\t\n\t\t<div class=\"wpr-button-wrap elementor-clearfix\">\n\t\t<a class=\"wpr-button wpr-button-effect wpr-button-none\" data-text=\"\" href=\"https:\/\/www.kleinezeitung.at\/artikel\/35224115\/festspielpremiere-krieg-und-frieden-erweckt-geschichte-zum-leben\">\n\t\t\t\n\t\t\t<span class=\"wpr-button-content\">\n\t\t\t\t\t\t\t\t\t<span class=\"wpr-button-text\">zum Zeitungsartikel<\/span>\n\t\t\t\t\t\t\t\t\n\t\t\t\t\t\t\t<\/span>\n\t\t<\/a>\n\n\t\t\t\t<\/div>\n\t\n\t\n\t\t\t\t\t<\/div>\n\t\t\t\t\t<\/div>\n\t\t<\/div>\n\t\t\t\t<div class=\"elementor-column elementor-col-50 elementor-top-column elementor-element elementor-element-1c917e5a\" data-id=\"1c917e5a\" data-element_type=\"column\" data-e-type=\"column\">\n\t\t\t<div class=\"elementor-widget-wrap elementor-element-populated\">\n\t\t\t\t\t\t<div class=\"elementor-element elementor-element-28e4a81b elementor-widget elementor-widget-image\" data-id=\"28e4a81b\" data-element_type=\"widget\" data-e-type=\"widget\" data-widget_type=\"image.default\">\n\t\t\t\t\t\t\t\t\t\t\t\t\t\t\t<img fetchpriority=\"high\" decoding=\"async\" width=\"1024\" height=\"576\" src=\"https:\/\/suedbahnbuehne.at\/wp-content\/uploads\/2026\/07\/Waldhofsaal-1024x576.webp\" class=\"attachment-large size-large wp-image-2599\" alt=\"\" srcset=\"https:\/\/suedbahnbuehne.at\/wp-content\/uploads\/2026\/07\/Waldhofsaal-1024x576.webp 1024w, https:\/\/suedbahnbuehne.at\/wp-content\/uploads\/2026\/07\/Waldhofsaal-300x169.webp 300w, https:\/\/suedbahnbuehne.at\/wp-content\/uploads\/2026\/07\/Waldhofsaal-768x432.webp 768w, https:\/\/suedbahnbuehne.at\/wp-content\/uploads\/2026\/07\/Waldhofsaal-800x450.webp 800w, https:\/\/suedbahnbuehne.at\/wp-content\/uploads\/2026\/07\/Waldhofsaal.webp 1200w\" sizes=\"(max-width: 1024px) 100vw, 1024px\" \/>\t\t\t\t\t\t\t\t\t\t\t\t\t\t\t<\/div>\n\t\t\t\t\t<\/div>\n\t\t<\/div>\n\t\t\t\t\t<\/div>\n\t\t<\/section>\n\t\t\t\t<\/div>","protected":false},"excerpt":{"rendered":"<p>Festspielpremiere Krieg und Frieden erweckt Geschichte zum Leben &#8230; Mit sechs Produktionen starten die Festspiele Reichenau in ihre diesj\u00e4hrige Saison. Die erste Auff\u00fchrung fand im S\u00fcdbahnhotel am Semmering statt. zum Zeitungsartikel<\/p>","protected":false},"author":1,"featured_media":0,"comment_status":"open","ping_status":"open","sticky":false,"template":"","format":"standard","meta":{"footnotes":""},"categories":[1],"tags":[],"class_list":["post-2581","post","type-post","status-publish","format-standard","hentry","category-uncategorized","entry"],"yoast_head":"<!-- This site is optimized with the Yoast SEO plugin v28.3 - https:\/\/yoast.com\/product\/yoast-seo-wordpress\/ -->\n<title>Festspielpremiere - S\u00fcdbahnb\u00fchne Semmering<\/title>\n<meta name=\"robots\" content=\"index, follow, max-snippet:-1, max-image-preview:large, max-video-preview:-1\" \/>\n<link rel=\"canonical\" href=\"https:\/\/suedbahnbuehne.at\/en\/2026\/07\/08\/festspielpremiere\/\" \/>\n<meta property=\"og:locale\" content=\"en_GB\" \/>\n<meta property=\"og:type\" content=\"article\" \/>\n<meta property=\"og:title\" content=\"Festspielpremiere - S\u00fcdbahnb\u00fchne Semmering\" \/>\n<meta property=\"og:description\" content=\"Festspielpremiere Krieg und Frieden erweckt Geschichte zum Leben &#8230; Mit sechs Produktionen starten die Festspiele Reichenau in ihre diesj\u00e4hrige Saison. Die erste Auff\u00fchrung fand im S\u00fcdbahnhotel am Semmering statt. zum Zeitungsartikel\" \/>\n<meta property=\"og:url\" content=\"https:\/\/suedbahnbuehne.at\/en\/2026\/07\/08\/festspielpremiere\/\" \/>\n<meta property=\"og:site_name\" content=\"S\u00fcdbahnb\u00fchne Semmering\" \/>\n<meta property=\"article:published_time\" content=\"2026-07-08T07:27:05+00:00\" \/>\n<meta property=\"article:modified_time\" content=\"2026-07-08T07:52:48+00:00\" \/>\n<meta property=\"og:image\" content=\"https:\/\/suedbahnbuehne.at\/wp-content\/uploads\/2026\/07\/Waldhofsaal.webp\" \/>\n\t<meta property=\"og:image:width\" content=\"1200\" \/>\n\t<meta property=\"og:image:height\" content=\"675\" \/>\n\t<meta property=\"og:image:type\" content=\"image\/webp\" \/>\n<meta name=\"author\" content=\"Semmering-Admin\" \/>\n<meta name=\"twitter:card\" content=\"summary_large_image\" \/>\n<meta name=\"twitter:label1\" content=\"Written by\" \/>\n\t<meta name=\"twitter:data1\" content=\"Semmering-Admin\" \/>\n\t<meta name=\"twitter:label2\" content=\"Estimated reading time\" \/>\n\t<meta name=\"twitter:data2\" content=\"1 minute\" \/>\n<script type=\"application\/ld+json\" class=\"yoast-schema-graph\">{\"@context\":\"https:\\\/\\\/schema.org\",\"@graph\":[{\"@type\":\"Article\",\"@id\":\"https:\\\/\\\/suedbahnbuehne.at\\\/2026\\\/07\\\/08\\\/festspielpremiere\\\/#article\",\"isPartOf\":{\"@id\":\"https:\\\/\\\/suedbahnbuehne.at\\\/2026\\\/07\\\/08\\\/festspielpremiere\\\/\"},\"author\":{\"name\":\"Semmering-Admin\",\"@id\":\"https:\\\/\\\/suedbahnbuehne.at\\\/#\\\/schema\\\/person\\\/2ac127a74942c8b4f85c63cdd3944dc6\"},\"headline\":\"Festspielpremiere\",\"datePublished\":\"2026-07-08T07:27:05+00:00\",\"dateModified\":\"2026-07-08T07:52:48+00:00\",\"mainEntityOfPage\":{\"@id\":\"https:\\\/\\\/suedbahnbuehne.at\\\/2026\\\/07\\\/08\\\/festspielpremiere\\\/\"},\"wordCount\":34,\"commentCount\":0,\"publisher\":{\"@id\":\"https:\\\/\\\/suedbahnbuehne.at\\\/#organization\"},\"image\":{\"@id\":\"https:\\\/\\\/suedbahnbuehne.at\\\/2026\\\/07\\\/08\\\/festspielpremiere\\\/#primaryimage\"},\"thumbnailUrl\":\"https:\\\/\\\/suedbahnbuehne.at\\\/wp-content\\\/uploads\\\/2026\\\/07\\\/Waldhofsaal-1024x576.webp\",\"articleSection\":[\"Uncategorized\"],\"inLanguage\":\"en-GB\",\"potentialAction\":[{\"@type\":\"CommentAction\",\"name\":\"Comment\",\"target\":[\"https:\\\/\\\/suedbahnbuehne.at\\\/2026\\\/07\\\/08\\\/festspielpremiere\\\/#respond\"]}]},{\"@type\":\"WebPage\",\"@id\":\"https:\\\/\\\/suedbahnbuehne.at\\\/2026\\\/07\\\/08\\\/festspielpremiere\\\/\",\"url\":\"https:\\\/\\\/suedbahnbuehne.at\\\/2026\\\/07\\\/08\\\/festspielpremiere\\\/\",\"name\":\"Festspielpremiere - S\u00fcdbahnb\u00fchne Semmering\",\"isPartOf\":{\"@id\":\"https:\\\/\\\/suedbahnbuehne.at\\\/#website\"},\"primaryImageOfPage\":{\"@id\":\"https:\\\/\\\/suedbahnbuehne.at\\\/2026\\\/07\\\/08\\\/festspielpremiere\\\/#primaryimage\"},\"image\":{\"@id\":\"https:\\\/\\\/suedbahnbuehne.at\\\/2026\\\/07\\\/08\\\/festspielpremiere\\\/#primaryimage\"},\"thumbnailUrl\":\"https:\\\/\\\/suedbahnbuehne.at\\\/wp-content\\\/uploads\\\/2026\\\/07\\\/Waldhofsaal-1024x576.webp\",\"datePublished\":\"2026-07-08T07:27:05+00:00\",\"dateModified\":\"2026-07-08T07:52:48+00:00\",\"breadcrumb\":{\"@id\":\"https:\\\/\\\/suedbahnbuehne.at\\\/2026\\\/07\\\/08\\\/festspielpremiere\\\/#breadcrumb\"},\"inLanguage\":\"en-GB\",\"potentialAction\":[{\"@type\":\"ReadAction\",\"target\":[\"https:\\\/\\\/suedbahnbuehne.at\\\/2026\\\/07\\\/08\\\/festspielpremiere\\\/\"]}]},{\"@type\":\"ImageObject\",\"inLanguage\":\"en-GB\",\"@id\":\"https:\\\/\\\/suedbahnbuehne.at\\\/2026\\\/07\\\/08\\\/festspielpremiere\\\/#primaryimage\",\"url\":\"https:\\\/\\\/suedbahnbuehne.at\\\/wp-content\\\/uploads\\\/2026\\\/07\\\/Waldhofsaal-1024x576.webp\",\"contentUrl\":\"https:\\\/\\\/suedbahnbuehne.at\\\/wp-content\\\/uploads\\\/2026\\\/07\\\/Waldhofsaal-1024x576.webp\"},{\"@type\":\"BreadcrumbList\",\"@id\":\"https:\\\/\\\/suedbahnbuehne.at\\\/2026\\\/07\\\/08\\\/festspielpremiere\\\/#breadcrumb\",\"itemListElement\":[{\"@type\":\"ListItem\",\"position\":1,\"name\":\"Start\",\"item\":\"https:\\\/\\\/suedbahnbuehne.at\\\/\"},{\"@type\":\"ListItem\",\"position\":2,\"name\":\"Festspielpremiere\"}]},{\"@type\":\"WebSite\",\"@id\":\"https:\\\/\\\/suedbahnbuehne.at\\\/#website\",\"url\":\"https:\\\/\\\/suedbahnbuehne.at\\\/\",\"name\":\"S\u00fcdbahnb\u00fchne Semmering\",\"description\":\"Kunst und Kultur am Semmering\",\"publisher\":{\"@id\":\"https:\\\/\\\/suedbahnbuehne.at\\\/#organization\"},\"potentialAction\":[{\"@type\":\"SearchAction\",\"target\":{\"@type\":\"EntryPoint\",\"urlTemplate\":\"https:\\\/\\\/suedbahnbuehne.at\\\/?s={search_term_string}\"},\"query-input\":{\"@type\":\"PropertyValueSpecification\",\"valueRequired\":true,\"valueName\":\"search_term_string\"}}],\"inLanguage\":\"en-GB\"},{\"@type\":\"Organization\",\"@id\":\"https:\\\/\\\/suedbahnbuehne.at\\\/#organization\",\"name\":\"S\u00fcdbahnb\u00fchne Semmering\",\"url\":\"https:\\\/\\\/suedbahnbuehne.at\\\/\",\"logo\":{\"@type\":\"ImageObject\",\"inLanguage\":\"en-GB\",\"@id\":\"https:\\\/\\\/suedbahnbuehne.at\\\/#\\\/schema\\\/logo\\\/image\\\/\",\"url\":\"https:\\\/\\\/suedbahnbuehne.at\\\/wp-content\\\/uploads\\\/2026\\\/05\\\/cropped-cropped-Suedbahnbuehne-logo.png\",\"contentUrl\":\"https:\\\/\\\/suedbahnbuehne.at\\\/wp-content\\\/uploads\\\/2026\\\/05\\\/cropped-cropped-Suedbahnbuehne-logo.png\",\"width\":1332,\"height\":1254,\"caption\":\"S\u00fcdbahnb\u00fchne Semmering\"},\"image\":{\"@id\":\"https:\\\/\\\/suedbahnbuehne.at\\\/#\\\/schema\\\/logo\\\/image\\\/\"}},{\"@type\":\"Person\",\"@id\":\"https:\\\/\\\/suedbahnbuehne.at\\\/#\\\/schema\\\/person\\\/2ac127a74942c8b4f85c63cdd3944dc6\",\"name\":\"Semmering-Admin\",\"image\":{\"@type\":\"ImageObject\",\"inLanguage\":\"en-GB\",\"@id\":\"https:\\\/\\\/secure.gravatar.com\\\/avatar\\\/3143ff786d8d313539ae8a4fa4a14f899173a97547efc0f6d815b0e3a132c5d0?s=96&d=mm&r=g\",\"url\":\"https:\\\/\\\/secure.gravatar.com\\\/avatar\\\/3143ff786d8d313539ae8a4fa4a14f899173a97547efc0f6d815b0e3a132c5d0?s=96&d=mm&r=g\",\"contentUrl\":\"https:\\\/\\\/secure.gravatar.com\\\/avatar\\\/3143ff786d8d313539ae8a4fa4a14f899173a97547efc0f6d815b0e3a132c5d0?s=96&d=mm&r=g\",\"caption\":\"Semmering-Admin\"},\"sameAs\":[\"https:\\\/\\\/suedbahnbuehne.at\"],\"url\":\"https:\\\/\\\/suedbahnbuehne.at\\\/en\\\/author\\\/semmering-admin\\\/\"}]}<\/script>\n<!-- \/ Yoast SEO plugin. -->","yoast_head_json":{"title":"Festspielpremiere - S\u00fcdbahnb\u00fchne Semmering","robots":{"index":"index","follow":"follow","max-snippet":"max-snippet:-1","max-image-preview":"max-image-preview:large","max-video-preview":"max-video-preview:-1"},"canonical":"https:\/\/suedbahnbuehne.at\/en\/2026\/07\/08\/festspielpremiere\/","og_locale":"en_GB","og_type":"article","og_title":"Festspielpremiere - S\u00fcdbahnb\u00fchne Semmering","og_description":"Festspielpremiere Krieg und Frieden erweckt Geschichte zum Leben &#8230; Mit sechs Produktionen starten die Festspiele Reichenau in ihre diesj\u00e4hrige Saison. Die erste Auff\u00fchrung fand im S\u00fcdbahnhotel am Semmering statt. zum Zeitungsartikel","og_url":"https:\/\/suedbahnbuehne.at\/en\/2026\/07\/08\/festspielpremiere\/","og_site_name":"S\u00fcdbahnb\u00fchne Semmering","article_published_time":"2026-07-08T07:27:05+00:00","article_modified_time":"2026-07-08T07:52:48+00:00","og_image":[{"width":1200,"height":675,"url":"https:\/\/suedbahnbuehne.at\/wp-content\/uploads\/2026\/07\/Waldhofsaal.webp","type":"image\/webp"}],"author":"Semmering-Admin","twitter_card":"summary_large_image","twitter_misc":{"Written by":"Semmering-Admin","Estimated reading time":"1 minute"},"schema":{"@context":"https:\/\/schema.org","@graph":[{"@type":"Article","@id":"https:\/\/suedbahnbuehne.at\/2026\/07\/08\/festspielpremiere\/#article","isPartOf":{"@id":"https:\/\/suedbahnbuehne.at\/2026\/07\/08\/festspielpremiere\/"},"author":{"name":"Semmering-Admin","@id":"https:\/\/suedbahnbuehne.at\/#\/schema\/person\/2ac127a74942c8b4f85c63cdd3944dc6"},"headline":"Festspielpremiere","datePublished":"2026-07-08T07:27:05+00:00","dateModified":"2026-07-08T07:52:48+00:00","mainEntityOfPage":{"@id":"https:\/\/suedbahnbuehne.at\/2026\/07\/08\/festspielpremiere\/"},"wordCount":34,"commentCount":0,"publisher":{"@id":"https:\/\/suedbahnbuehne.at\/#organization"},"image":{"@id":"https:\/\/suedbahnbuehne.at\/2026\/07\/08\/festspielpremiere\/#primaryimage"},"thumbnailUrl":"https:\/\/suedbahnbuehne.at\/wp-content\/uploads\/2026\/07\/Waldhofsaal-1024x576.webp","articleSection":["Uncategorized"],"inLanguage":"en-GB","potentialAction":[{"@type":"CommentAction","name":"Comment","target":["https:\/\/suedbahnbuehne.at\/2026\/07\/08\/festspielpremiere\/#respond"]}]},{"@type":"WebPage","@id":"https:\/\/suedbahnbuehne.at\/2026\/07\/08\/festspielpremiere\/","url":"https:\/\/suedbahnbuehne.at\/2026\/07\/08\/festspielpremiere\/","name":"Festspielpremiere - S\u00fcdbahnb\u00fchne Semmering","isPartOf":{"@id":"https:\/\/suedbahnbuehne.at\/#website"},"primaryImageOfPage":{"@id":"https:\/\/suedbahnbuehne.at\/2026\/07\/08\/festspielpremiere\/#primaryimage"},"image":{"@id":"https:\/\/suedbahnbuehne.at\/2026\/07\/08\/festspielpremiere\/#primaryimage"},"thumbnailUrl":"https:\/\/suedbahnbuehne.at\/wp-content\/uploads\/2026\/07\/Waldhofsaal-1024x576.webp","datePublished":"2026-07-08T07:27:05+00:00","dateModified":"2026-07-08T07:52:48+00:00","breadcrumb":{"@id":"https:\/\/suedbahnbuehne.at\/2026\/07\/08\/festspielpremiere\/#breadcrumb"},"inLanguage":"en-GB","potentialAction":[{"@type":"ReadAction","target":["https:\/\/suedbahnbuehne.at\/2026\/07\/08\/festspielpremiere\/"]}]},{"@type":"ImageObject","inLanguage":"en-GB","@id":"https:\/\/suedbahnbuehne.at\/2026\/07\/08\/festspielpremiere\/#primaryimage","url":"https:\/\/suedbahnbuehne.at\/wp-content\/uploads\/2026\/07\/Waldhofsaal-1024x576.webp","contentUrl":"https:\/\/suedbahnbuehne.at\/wp-content\/uploads\/2026\/07\/Waldhofsaal-1024x576.webp"},{"@type":"BreadcrumbList","@id":"https:\/\/suedbahnbuehne.at\/2026\/07\/08\/festspielpremiere\/#breadcrumb","itemListElement":[{"@type":"ListItem","position":1,"name":"Start","item":"https:\/\/suedbahnbuehne.at\/"},{"@type":"ListItem","position":2,"name":"Festspielpremiere"}]},{"@type":"WebSite","@id":"https:\/\/suedbahnbuehne.at\/#website","url":"https:\/\/suedbahnbuehne.at\/","name":"Semmering Southern Railway Stage","description":"Kunst und Kultur am Semmering","publisher":{"@id":"https:\/\/suedbahnbuehne.at\/#organization"},"potentialAction":[{"@type":"SearchAction","target":{"@type":"EntryPoint","urlTemplate":"https:\/\/suedbahnbuehne.at\/?s={search_term_string}"},"query-input":{"@type":"PropertyValueSpecification","valueRequired":true,"valueName":"search_term_string"}}],"inLanguage":"en-GB"},{"@type":"Organization","@id":"https:\/\/suedbahnbuehne.at\/#organization","name":"Semmering Southern Railway Stage","url":"https:\/\/suedbahnbuehne.at\/","logo":{"@type":"ImageObject","inLanguage":"en-GB","@id":"https:\/\/suedbahnbuehne.at\/#\/schema\/logo\/image\/","url":"https:\/\/suedbahnbuehne.at\/wp-content\/uploads\/2026\/05\/cropped-cropped-Suedbahnbuehne-logo.png","contentUrl":"https:\/\/suedbahnbuehne.at\/wp-content\/uploads\/2026\/05\/cropped-cropped-Suedbahnbuehne-logo.png","width":1332,"height":1254,"caption":"S\u00fcdbahnb\u00fchne Semmering"},"image":{"@id":"https:\/\/suedbahnbuehne.at\/#\/schema\/logo\/image\/"}},{"@type":"Person","@id":"https:\/\/suedbahnbuehne.at\/#\/schema\/person\/2ac127a74942c8b4f85c63cdd3944dc6","name":"Semmering-Admin","image":{"@type":"ImageObject","inLanguage":"en-GB","@id":"https:\/\/secure.gravatar.com\/avatar\/3143ff786d8d313539ae8a4fa4a14f899173a97547efc0f6d815b0e3a132c5d0?s=96&d=mm&r=g","url":"https:\/\/secure.gravatar.com\/avatar\/3143ff786d8d313539ae8a4fa4a14f899173a97547efc0f6d815b0e3a132c5d0?s=96&d=mm&r=g","contentUrl":"https:\/\/secure.gravatar.com\/avatar\/3143ff786d8d313539ae8a4fa4a14f899173a97547efc0f6d815b0e3a132c5d0?s=96&d=mm&r=g","caption":"Semmering-Admin"},"sameAs":["https:\/\/suedbahnbuehne.at"],"url":"https:\/\/suedbahnbuehne.at\/en\/author\/semmering-admin\/"}]}},"_links":{"self":[{"href":"https:\/\/suedbahnbuehne.at\/en\/wp-json\/wp\/v2\/posts\/2581","targetHints":{"allow":["GET"]}}],"collection":[{"href":"https:\/\/suedbahnbuehne.at\/en\/wp-json\/wp\/v2\/posts"}],"about":[{"href":"https:\/\/suedbahnbuehne.at\/en\/wp-json\/wp\/v2\/types\/post"}],"author":[{"embeddable":true,"href":"https:\/\/suedbahnbuehne.at\/en\/wp-json\/wp\/v2\/users\/1"}],"replies":[{"embeddable":true,"href":"https:\/\/suedbahnbuehne.at\/en\/wp-json\/wp\/v2\/comments?post=2581"}],"version-history":[{"count":10,"href":"https:\/\/suedbahnbuehne.at\/en\/wp-json\/wp\/v2\/posts\/2581\/revisions"}],"predecessor-version":[{"id":2614,"href":"https:\/\/suedbahnbuehne.at\/en\/wp-json\/wp\/v2\/posts\/2581\/revisions\/2614"}],"wp:attachment":[{"href":"https:\/\/suedbahnbuehne.at\/en\/wp-json\/wp\/v2\/media?parent=2581"}],"wp:term":[{"taxonomy":"category","embeddable":true,"href":"https:\/\/suedbahnbuehne.at\/en\/wp-json\/wp\/v2\/categories?post=2581"},{"taxonomy":"post_tag","embeddable":true,"href":"https:\/\/suedbahnbuehne.at\/en\/wp-json\/wp\/v2\/tags?post=2581"}],"curies":[{"name":"wp","href":"https:\/\/api.w.org\/{rel}","templated":true}]}}